{"id":582,"date":"2024-03-15T16:17:06","date_gmt":"2024-03-15T15:17:06","guid":{"rendered":"https:\/\/kjc.com.pl\/?p=582"},"modified":"2024-03-15T19:57:29","modified_gmt":"2024-03-15T18:57:29","slug":"upadek-kolonii-polskiej","status":"publish","type":"post","link":"https:\/\/kjc.com.pl\/?p=582","title":{"rendered":"Upadek Kolonii Polskiej"},"content":{"rendered":"\n<p class=\"has-drop-cap\">Ze wzgl\u0119du na do\u015bwiadczenia mojego dzieci\u0144stwa i m\u0142odo\u015bci posiadam umiej\u0119tno\u015b\u0107 dostrzegania niebezpiecze\u0144stwa zanim si\u0119 ono jawnie pojawi. Powa\u017cne k\u0142opoty w moim \u017cyciu wynika\u0142y z ignorowania takich ostrze\u017ce\u0144 i naiwnej wiary, \u017ce inni widz\u0105 lepiej, a to ja jestem przeczulony. Dostrzegam, niestety, od kilku miesi\u0119cy, rozw\u00f3j niebezpiecznego dla Polski scenariusza, kt\u00f3rego realizacja jest mo\u017cliwa, bior\u0105c pod uwag\u0119 zasz\u0142o\u015bci historyczne oraz obecn\u0105 sytuacj\u0119 geopolityczn\u0105.<\/p>\n\n\n\n<p>Obecna sytuacja mi\u0119dzynarodowa Polski jest bowiem nie do pozazdroszczenia i przypomina \u201ebal na Titanicu\u201d. Uwa\u017cam, \u017ce marzenia o \u201eWielkiej Polsce\u201d Rafa\u0142a Ziemkiewicza, kt\u00f3rego ceni\u0119 sk\u0105din\u0105d za jego wieloletni\u0105 publicystyk\u0119, mo\u017cna w tej sytuacji w\u0142o\u017cy\u0107 sobie w buty. Czy na 70%, czy na 100% &#8211; dowiemy si\u0119 po pierwszych decyzjach nowego prezydenta USA, kt\u00f3rym prawdopodobnie zostanie Donald Trump, wygrywaj\u0105c ze skompromitowanym sromotn\u0105 ucieczk\u0105 z Afganistanu, obecnym prezydentem USA. Jest to dla mnie jedyna wi\u0119ksza niewiadoma w poni\u017cszym toku rozumowania.<\/p>\n\n\n\n<p>Zacznijmy od prezentacji sytuacji Polski, obserwowanej oddolnie, bez zachwyt\u00f3w i nadmuchanych wska\u017anik\u00f3w ekonomicznych, kt\u00f3re nie maj\u0105 wielkiego wp\u0142ywu na codzienne \u017cycie przeci\u0119tnego Polaka. Polska jest ca\u0142y czas krajem \u201ena dorobku\u201d, potwornie zad\u0142u\u017conym zagranicznie i wewn\u0119trznie, ze starzej\u0105cym si\u0119 spo\u0142ecze\u0144stwem, kt\u00f3rego kr\u0119gos\u0142up moralny przetr\u0105cony zosta\u0142 PRL-owskim \u201ejako\u015b to b\u0119dzie\u201d. Pi\u0119kne galerie handlowe oraz samochody na kredyt tego nie zmieni\u0105. Jest to kraj, w kt\u00f3rym \u0142atwo kupi\u0107 i zainstalowa\u0107 elity kolonialne, dzia\u0142aj\u0105ce w interesie obcym i swoim, ale na pewno nie w interesie pa\u0144stwa polskiego. Deklaracja do\u0142\u0105czenia do kraj\u00f3w rozwini\u0119tych jest te\u017c przy tym niczym innym jak poklepaniem nas po plecach przez kolonialist\u00f3w, aby\u015bmy nic nie zmieniali i szli prost\u0105 drog\u0105 do spektakularnego bankructwa. Poza niewieloma punktowymi inwestycjami z czas\u00f3w rz\u0105d\u00f3w PiS (gazoport, rozw\u00f3j Orlenu, przekop mierzei), ja znacz\u0105cego rozwoju nie widz\u0119, zaczynam natomiast widzie\u0107 dziurawe drogi, po\u0142amane p\u0142oty, grzybiej\u0105ce fasady budynk\u00f3w i zaro\u015bni\u0119te ogrody, czyli powr\u00f3t PRL-owskiej biedy.<\/p>\n\n\n\n<p>Uwa\u017cam r\u00f3wnie\u017c, \u017ce tylko polityczny idiota ma prawo s\u0105dzi\u0107, \u017ce Polska jest obecnie pa\u0144stwem realnie niepodleg\u0142ym. Idioci stanowi\u0105 niestety ha\u0142a\u015bliw\u0105 wi\u0119kszo\u015b\u0107, co stanowi cz\u0105stk\u0119 b\u00f3lu istnienia na tym \u015bwiecie. Wi\u0119kszo\u015b\u0107 wa\u017cnych decyzji dotycz\u0105cych Polski zapada obecnie w Brukseli (czytaj Berlinie) oraz Waszyngtonie. Nie b\u0119d\u0119 rozwija\u0142 tej kwestii \u2013 jest do\u015b\u0107 rzeczowej dyskusji na ten temat w Internecie. Na os\u0142od\u0119 mamy flag\u0119, hymn i polski z\u0142oty \u2013 papierek lakmusowy dla odpustowych patriot\u00f3w. Ale i to nam wkr\u00f3tce zabior\u0105.<\/p>\n\n\n\n<p>G\u0142\u00f3wnym powodem nag\u0142ego przyspieszenia zmian jest nadci\u0105gaj\u0105cy konflikt ekonomiczny USA-BRICS. USA ma przy tym dodatkowy problem z po\u0142udniow\u0105 granic\u0105 z Meksykiem, pa\u0144stwem, kt\u00f3re upada \u2013 skorumpowanym i zdegenerowanym. Upadek Meksyku spowoduje ucieczk\u0119 setek tysi\u0119cy ludzi z jego terytorium. Po\u015br\u00f3d uchod\u017ac\u00f3w znajd\u0105 si\u0119 przest\u0119pcy z Ameryki \u015arodkowej, stosuj\u0105cy metody zastraszania ludno\u015bci cywilnej, przy kt\u00f3rych bledn\u0105 opisy zbrodni wojennych. USA zmuszone b\u0119dzie reagowa\u0107 na konflikt na w\u0142asnej granicy za pomoc\u0105 wojska oraz gwardii narodowej. Si\u0142y wojskowe wycofa\u0107 trzeba b\u0119dzie cz\u0119\u015bciowo z baz na ca\u0142ym \u015bwiecie. Poniewa\u017c USA nie chce odpu\u015bci\u0107 Tajwanu, od kt\u00f3rego zale\u017cna jest cz\u0119\u015b\u0107 przewagi technologicznej USA na \u015bwiecie, wi\u0119c si\u0142y wojskowe wycofane zostan\u0105 miedzy innymi z Europy.<\/p>\n\n\n\n<p>USA szuka\u0142o w tej sytuacji sojusznika w Europie, kt\u00f3ry zast\u0105pi USA na czas rozwi\u0105zania konfliktu u w\u0142asnych granic. Tym sojusznikiem mog\u0142a by\u0107 Polska, ale maj\u0105c u steru geopolitycznych idiot\u00f3w, spogl\u0105da\u0142a w stron\u0119 Brukseli, zamiast negocjowa\u0107 z USA warunki nowego rozdania politycznego. W efekcie, widz\u0105c s\u0142abo\u015b\u0107 i chwiejno\u015b\u0107 Polski, USA zn\u00f3w postawi\u0142o na Niemcy. Jest to decyzja rozpaczliwa, ale jedyna logiczna w tej sytuacji z ich punktu widzenia. USA nawet je\u015bli domy\u015bla si\u0119, \u017ce Niemcy chc\u0105 wyrwa\u0107 si\u0119 spod ich kurateli, chce chwilowo mie\u0107 spok\u00f3j w Europie. Niestety, w polityce lizus\u00f3w i s\u0142abeuszy nikt nie szanuje. Polska mog\u0142a by\u0107 drug\u0105 Kore\u0105 Po\u0142udniow\u0105, okr\u0119tem desantowym USA w Europie, w kt\u00f3rego rozw\u00f3j wpompowano miliardy dolar\u00f3w, ale PiS wola\u0142 by Polska zosta\u0142a bezwolnym cieciem w EU. Jeste\u015bmy wi\u0119c dzi\u015b w miejscu, w kt\u00f3rym zaci\u0105gni\u0119cie zagranicznego kredytu przedstawiane jest jako gigantyczny sukces polskiej dyplomacji. A mogli\u015bcie mie\u0107 wiele za darmo, moralne kar\u0142y i idioci, politycy od siedmiu bole\u015bci, lokalne \u017ca\u0142osne samozwa\u0144cze autorytety. Przespali\u015bcie moment dziejowy, drugiej szansy zapewne nie b\u0119dzie.<\/p>\n\n\n\n<p>W sytuacji oddania sterowania Europ\u0105 Niemcom wraca jak bumerang polityka kolonizacji Polski, wysysania jej zdrowej m\u0142odej si\u0142y roboczej oraz niszczenia polskiej pa\u0144stwowo\u015bci. Polska ma by\u0107 dla Niemc\u00f3w dostarczycielem taniej si\u0142y roboczej, jak za pierwszych tuskorz\u0105d\u00f3w. Starzenie si\u0119 i biednienie spo\u0142ecze\u0144stwa polskiego powoduje, \u017ce Polska nie jest nawet dobrym konsumentem niemieckich produkt\u00f3w, co w sytuacji wygaszania wszelkiej rodzimej produkcji, spowoduje dostarczanie na terytorium Polski produkt\u00f3w gorszych jako\u015bciowo, za maksymaln\u0105 cen\u0119, kt\u00f3r\u0105 Polacy b\u0119d\u0105 w stanie zap\u0142aci\u0107. W skr\u00f3cie &#8211; b\u0119dziemy \u017cre\u0107 mikroplastik i robale, co ju\u017c zapowiedziano. Niemcom zale\u017cy te\u017c bardzo na tym, aby Polska nie by\u0142a w stanie efektywnie podnie\u015b\u0107 na forum mi\u0119dzynarodowym sprawy odszkodowania za II wojn\u0119 \u015bwiatow\u0105. Wyp\u0142ata takiego odszkodowania zrujnowa\u0142aby niemieck\u0105 gospodark\u0119, wi\u0119c w interesie Niemiec le\u017cy niszczenie ekonomiczne Polski, doprowadzenie jej do stanu bez\u0142adu prawnego i permanentnego kryzysu, w kt\u00f3rym \u017caden rz\u0105d nie b\u0119dzie w stanie wysun\u0105\u0107 roszcze\u0144 wobec Niemiec. PiS oczywi\u015bcie du\u017co m\u00f3wi\u0142, ale niewiele zrobi\u0142, aby odwr\u00f3ci\u0107 ten trend.<\/p>\n\n\n\n<p>Obecne polskoj\u0119zyczne w\u0142adze warszawskie nawet ju\u017c nie udaj\u0105, \u017ce chc\u0105 przestrzega\u0107 obowi\u0105zuj\u0105cego formalnie prawa i otwarcie u\u017cywaj\u0105 tego, co w polityce jest najbardziej skuteczne, czyli prawa silniejszego. Prawo to u\u017cywane jest w interesie obcym, g\u0142\u00f3wnie niemieckim, jak te\u017c ukrai\u0144skim, kt\u00f3ry jest coraz bardziej z niemieckim powi\u0105zany. W moim odczuciu s\u0105 to w\u0142adze, kt\u00f3re istnienia pa\u0144stwa polskiego po prostu nie chc\u0105, jakichkolwiek dzia\u0142a\u0144 zas\u0142aniaj\u0105cych takie intencje by nie wykonywa\u0142y. Polski rz\u0105d abdykowa\u0142 z niepodleg\u0142ego rz\u0105dzenia, a polski prezydent przypomina bezwolnego kr\u00f3la Stasia.<\/p>\n\n\n\n<p>Uwa\u017cam, \u017ce rozwa\u017cany jest obecnie scenariusz wys\u0142ania polskich si\u0142 zbrojnych na Ukrain\u0119, co spowoduje niewa\u017cno\u015b\u0107 artyku\u0142u pi\u0105tego paktu NATO. Ukraina wojn\u0119 przegrywa z powodu braku amunicji, ale przede wszystkim rekruta. Rz\u0105d ukrai\u0144ski prawdopodobnie negocjuje ewakuacj\u0119 do Polski swoich \u201eelit\u201d. Mo\u017cliwe te\u017c, \u017ce ponad naszymi g\u0142owami prowadzone s\u0105 rozmowy z Rosj\u0105, co do rozwoju i rezultatu konfliktu. Jest to idealna sytuacja, w kt\u00f3rej NATO mo\u017ce \u201eumy\u0107 r\u0119ce\u201d od wojny, a jednocze\u015bnie przetestowa\u0107 mo\u017cliwo\u015bci zbrojnego reagowania za pomoc\u0105 przeszkolonych polskich si\u0142 zbrojnych. Przypominam, \u017ce toczy si\u0119 proces wch\u0142aniana Bia\u0142orusi przez Rosj\u0119, rosyjskie wojska s\u0105 ju\u017c rozlokowane na jej terytorium, a dyktator \u0141ukaszenka mo\u017ce jedynie \u0142udzi\u0107 si\u0119, \u017ce w ci\u0105gu roku Bia\u0142oru\u015b nie b\u0119dzie cz\u0119\u015bci\u0105 Federacji Rosyjskiej. Czeka nas wi\u0119c konflikt z Rosj\u0105 na ca\u0142ej szeroko\u015bci wschodniej granicy, w kt\u00f3rym planowo przemielone zostan\u0105 starsze pokolenia Polak\u00f3w, tak aby odci\u0105\u0107 nas na zawsze od historycznych korzeni. M\u0142odzi maj\u0105 pracowa\u0107 w niemieckich montowniach i zbiera\u0107 szparagi u bauera, wi\u0119c zostan\u0105 zapewne oszcz\u0119dzeni.<\/p>\n\n\n\n<p>W sytuacji idealnej dla wrog\u00f3w Polski rezultat jest nast\u0119puj\u0105cy:<\/p>\n\n\n\n<ul class=\"wp-block-list\">\n<li>Rosja zdobywa Warszaw\u0119 i wi\u0119kszo\u015b\u0107 p\u00f3\u0142nocno-wschodniej Polski, czym pokazuje si\u0142\u0119 swojemu spo\u0142ecze\u0144stwu i m\u015bci si\u0119 za historyczne upokorzenia. Zdobycze terytorialne uspokajaj\u0105 negatywne nastroje spo\u0142eczne w Rosji. Los Polak\u00f3w zamieszka\u0142ych na tych terenach w kr\u00f3tkim okresie staje si\u0119 tragiczny.<\/li>\n\n\n\n<li>Niemcy przyjmuj\u0105 rol\u0119 mediatora, w efekcie przejmuj\u0105 w protektoracie po\u0142udniowo-zachodni\u0105 cz\u0119\u015b\u0107 Polski, ustalaj\u0105 na niej buforow\u0105 stref\u0119 zdemilitaryzowan\u0105 (jak pierwotnie chcia\u0142 Putin) i zdejmuj\u0105 z siebie problem odszkodowa\u0144 za WW2. Nie ma niepodleg\u0142ego pa\u0144stwa polskiego, nawet je\u015bli formalnie jeszcze istnieje, a wi\u0119c nie ma r\u00f3wnie\u017c odszkodowa\u0144.<\/li>\n\n\n\n<li>W nowej guberni instalowany jest rz\u0105d sk\u0142adaj\u0105cy si\u0119 z Polak\u00f3w i Ukrai\u0144c\u00f3w, ale de facto rz\u0105dz\u0105 Ukrai\u0144cy na polecenie niemieckie. J\u0119zyk ukrai\u0144ski staje si\u0119, obok polskiego, j\u0119zykiem urz\u0119dowym. Szerzy si\u0119 korupcja, a ukrai\u0144skie gangi \u015bci\u0105gaj\u0105 haracze z Polak\u00f3w. Niemcy przymykaj\u0105 oko na bezprawie, oficjalnie nie maja z tym nic wsp\u00f3lnego. Polska jest bezlito\u015bnie eksploatowana ekonomicznie przez UE.<\/li>\n\n\n\n<li>USA opuszcza NATO, ale NATO zyskuje czas na dozbrojenie si\u0119 i ufortyfikowanie granic.<\/li>\n\n\n\n<li>USA zyskuje spok\u00f3j w europejskim skansenie i godzi si\u0119 ze zgni\u0142ym kompromisem.<\/li>\n\n\n\n<li>Nie obchodzimy nikogo. &nbsp;Znaczna cz\u0119\u015b\u0107 Polak\u00f3w opuszcza upadaj\u0105cy kraj i rozje\u017cd\u017ca si\u0119 po \u015bwiecie. Pozostali w kraju Polacy zostaj\u0105 z czasem wynarodowieni.<\/li>\n<\/ul>\n\n\n\n<p><\/p>\n\n\n\n<p>Czy da si\u0119 odmieni\u0107 taki scenariusz? S\u0105dz\u0119, \u017ce obecnie nie ma ku temu woli politycznej ani spo\u0142ecznej. Spo\u0142ecze\u0144stwo zgnu\u015bnia\u0142o. Prawnie nic si\u0119 nie da zrobi\u0107, a rewolucja wymaga determinacji, kt\u00f3rej nie widz\u0119. Ludzie poddaj\u0105 si\u0119 post\u0119puj\u0105cemu odzieraniu z praw, godno\u015bci osobistej i w\u0142asno\u015bci. Ostatecznym testem dla Polak\u00f3w b\u0119dzie moment og\u0142oszenia powszechnej mobilizacji wojskowej przez przysz\u0142ego prezydenta Polski Donalda Tuska.<\/p>\n\n\n\n<p>\u201eSzcz\u0119\u015b\u0107 Bo\u017ce i ratuj si\u0119 kto mo\u017ce\u201d \u2013 nic chyba opr\u00f3cz zacytowania s\u0142\u00f3w Grzegorza Brauna nie pozostaje mi jako podsumowanie sytuacji. Mam nik\u0142\u0105 nadziej\u0119, \u017ce moje \u201epolitical fiction\u201d si\u0119 nie sprawdzi. Kto posiada maj\u0105tek, niech lepiej go spieni\u0119\u017cy i znajdzie nowe miejsce do \u017cycia, daleko od problem\u00f3w. Jest bowiem \u017ale, a b\u0119dzie znacznie gorzej\u2026<\/p>\n","protected":false},"excerpt":{"rendered":"<p>Ze wzgl\u0119du na do\u015bwiadczenia mojego dzieci\u0144stwa i m\u0142odo\u015bci posiadam umiej\u0119tno\u015b\u0107 dostrzegania niebezpiecze\u0144stwa zanim si\u0119 ono jawnie pojawi. Powa\u017cne k\u0142opoty w moim \u017cyciu wynika\u0142y z ignorowania takich ostrze\u017ce\u0144 i naiwnej wiary, \u017ce inni widz\u0105 lepiej, a to ja jestem przeczulony. Dostrzegam, niestety, od kilku miesi\u0119cy, rozw\u00f3j niebezpiecznego dla Polski scenariusza, kt\u00f3rego realizacja jest mo\u017cliwa, bior\u0105c pod &hellip;<\/p>\n","protected":false},"author":1,"featured_media":0,"comment_status":"open","ping_status":"open","sticky":false,"template":"","format":"standard","meta":{"_lmt_disableupdate":"","_lmt_disable":"","footnotes":""},"categories":[5],"tags":[],"class_list":["post-582","post","type-post","status-publish","format-standard","hentry","category-codziennosc","entry entry-center"],"modified_by":null,"_links":{"self":[{"href":"https:\/\/kjc.com.pl\/index.php?rest_route=\/wp\/v2\/posts\/582","targetHints":{"allow":["GET"]}}],"collection":[{"href":"https:\/\/kjc.com.pl\/index.php?rest_route=\/wp\/v2\/posts"}],"about":[{"href":"https:\/\/kjc.com.pl\/index.php?rest_route=\/wp\/v2\/types\/post"}],"author":[{"embeddable":true,"href":"https:\/\/kjc.com.pl\/index.php?rest_route=\/wp\/v2\/users\/1"}],"replies":[{"embeddable":true,"href":"https:\/\/kjc.com.pl\/index.php?rest_route=%2Fwp%2Fv2%2Fcomments&post=582"}],"version-history":[{"count":14,"href":"https:\/\/kjc.com.pl\/index.php?rest_route=\/wp\/v2\/posts\/582\/revisions"}],"predecessor-version":[{"id":598,"href":"https:\/\/kjc.com.pl\/index.php?rest_route=\/wp\/v2\/posts\/582\/revisions\/598"}],"wp:attachment":[{"href":"https:\/\/kjc.com.pl\/index.php?rest_route=%2Fwp%2Fv2%2Fmedia&parent=582"}],"wp:term":[{"taxonomy":"category","embeddable":true,"href":"https:\/\/kjc.com.pl\/index.php?rest_route=%2Fwp%2Fv2%2Fcategories&post=582"},{"taxonomy":"post_tag","embeddable":true,"href":"https:\/\/kjc.com.pl\/index.php?rest_route=%2Fwp%2Fv2%2Ftags&post=582"}],"curies":[{"name":"wp","href":"https:\/\/api.w.org\/{rel}","templated":true}]}}