{"id":468,"date":"2022-08-20T11:47:44","date_gmt":"2022-08-20T10:47:44","guid":{"rendered":"https:\/\/kjc.com.pl\/?p=468"},"modified":"2022-08-21T17:37:10","modified_gmt":"2022-08-21T16:37:10","slug":"mandacik","status":"publish","type":"post","link":"https:\/\/kjc.com.pl\/?p=468","title":{"rendered":"Mandacik"},"content":{"rendered":"\n<p class=\"has-drop-cap\">Tkn\u0119\u0142o mnie co\u015b, \u017ceby pojecha\u0107 do P\u0142ocka. Nigdy nie by\u0142em w tym mie\u015bcie, mo\u017ce chodzi\u0142o o zwyk\u0142\u0105 ciekawo\u015b\u0107, a mo\u017ce te\u017c o to, \u017ceby chocia\u017c na jeden dzie\u0144 znowu wyrwa\u0107 si\u0119 latem z domu z rodzin\u0105 (na normalne wakacje razem niestety od lat nas nie sta\u0107). Na pocz\u0105tku zjedli\u015bmy bardzo smaczny obiad w lokalnej restauracji. Nast\u0119pnie wst\u0105pi\u0142em do \u015bwie\u017co odnowionej katedry p\u0142ockiej, gdzie mi\u0142y, starszy cz\u0142owiek opowiedzia\u0142 nam o jej historii i gdzie moja rodzina w skupieniu przystan\u0119\u0142a przy grobie kr\u00f3l\u00f3w Polski. Nast\u0119pnie poszli\u015bmy zwiedzi\u0107 p\u0142ockie zoo oraz molo. Dzieci u\u015bmiechni\u0119te, zadowolone, og\u00f3lnie wyjazd udany\u2026<\/p>\n\n\n\n<p>Wracaj\u0105c przejechali\u015bmy przez most, odpr\u0119\u017ceni pojechali\u015bmy jeszcze kawa\u0142ek i nagle b\u0142ysk. Ju\u017c wiedzia\u0142em, co si\u0119 sta\u0142o &#8211; no tak, fotopu\u0142apka za wyjazdem zza zakr\u0119tu, ustawiona na pustej drodze tam, gdzie cz\u0142owiekowi wydaje si\u0119, \u017ce nie jest to obszar zabudowany. Bezduszny automat podatkowy, z kt\u00f3rym nie da si\u0119 dyskutowa\u0107. Rado\u015b\u0107 prys\u0142a. Dalsz\u0105 cz\u0119\u015b\u0107 podr\u00f3\u017cy do domu sp\u0119dzi\u0142em prawie w milczeniu&#8230;<\/p>\n\n\n\n<p>Gdy wr\u00f3ci\u0142em do domu zrobi\u0142em co\u015b, czego nie robi\u0119 od lat \u2013 upi\u0142em si\u0119. B\u00f3l g\u0142owy z nerw\u00f3w by\u0142 bowiem tak niezno\u015bny, \u017ce nie da\u0142bym rad\u0119 bez tego zasn\u0105\u0107. A tak uda\u0142o si\u0119 przespa\u0107 chocia\u017c 3-4 godziny. Wiem, co nast\u0105pi teraz \u2013 pa\u0144stwo polskie zadzia\u0142a wobec mnie b\u0142yskawicznie i z ca\u0142\u0105 surowo\u015bci\u0105. Szkoda, \u017ce w wypadku zatrucia Warty winnego nie mo\u017cna posadzi\u0107 ju\u017c ponad 5 lat (z Odr\u0105 b\u0119dzie pewnie podobnie). Wcze\u015bniej, farsa \u015bledztwa przy zab\u00f3jstwie g\u0142\u00f3wnego komendanta policji, setki afer gospodarczych, u\u0142askawianie znanych przest\u0119pc\u00f3w. Oczywi\u015bcie, flagowo, wok\u00f3\u0142 lustracji i katastrofy smole\u0144skiej, cyrk i dezinformacja. A na koniec orze\u0142 z czekolady na \u201e\u2026kamieni kupie\u201d na podsumowanie. Tego nasza w\u0142adza nie potrafi rozwi\u0105za\u0107, mandaty potrafi za to wystawia\u0107 doskonale. No i chwali\u0107 si\u0119 jak to \u201ewstajemy z kolan\u201d. Z\u0142o\u015bliwie dodam \u2013 pewnie po to, \u017ceby ukl\u0119kn\u0105\u0107 przed innym seniorem.<\/p>\n\n\n\n<p>Moja \u017cona &#8211; ponad 20 lat bez mandatu za pr\u0119dko\u015b\u0107 (jeden inny, drobny w czasach polowania mandatowego za rz\u0105d\u00f3w PO), ja &#8211; 30 lat bez \u017cadnego mandatu, czyste konto. Je\u017adzimy bardzo ostro\u017cnie, \u017cona narzeka, \u017ce ci\u0105gle m\u00f3wi\u0119 \u201ezwolnij\u201d. Ale nie b\u0119dzie \u017cadnych zni\u017cek i rozm\u00f3w wyja\u015bniaj\u0105cych &#8211; \u201edura lex sed lex\u201d. Pieni\u0105dze, kt\u00f3re b\u0119d\u0119 musia\u0142 zap\u0142aci\u0107 oznaczaj\u0105, \u017ce w tym roku dzieci nigdzie ju\u017c nie pojad\u0105, sp\u0119dz\u0105 reszt\u0119 wakacji przed ekranem komputera lub z ksi\u0105\u017ck\u0105. I tak mijaj\u0105 kolejne wakacje bez wakacji. 47 pieprzonych lat na karku, 0 spokojnych.<\/p>\n\n\n\n<p>Przechodz\u0105c do nieoczywistego meritum\u2026 Kiedy wytrze\u017awia\u0142em, dozna\u0142em nag\u0142ego o\u015bwiecenia. Dotar\u0142o do mnie, \u017ce ten mandat to tylko jeden z sygna\u0142\u00f3w, kt\u00f3re dotychczas ignorowa\u0142em, \u017cyj\u0105c w wewn\u0119trznym polskim matrixie, kropla kt\u00f3ra przepe\u0142ni\u0142a czar\u0119. Nie zwraca\u0142em uwagi na to, \u017ce pewne zachowania wok\u00f3\u0142 mnie to nie wyj\u0105tki, tylko schemat.<\/p>\n\n\n\n<p>Ignorowa\u0142em to, \u017ce:<\/p>\n\n\n\n<ul class=\"wp-block-list\"><li>Prawie codziennie bito mnie w dzieci\u0144stwie. Za s\u0142abo\u015b\u0107 fizyczn\u0105 i dobre wyniki w nauce bili mnie koledzy ze szko\u0142y oraz podw\u00f3rek oraz jeden bardzo zawzi\u0119ty Ukrainiec, kt\u00f3rego nie przera\u017ca\u0142a nawet interwencja MO (a oni te\u017c bili konkretnie), a kt\u00f3ry regularnie czeka\u0142 godzinami, \u017ceby st\u0142uc mnie na kwa\u015bne jab\u0142ko (taka prywatna przestroga przed mi\u0142o\u015bci\u0105 do tego \u017cywio\u0142u dla tych, co zapomnieli Wo\u0142y\u0144). Gdyby nie zabrali go do poprawczaka, pewnie by mnie zabi\u0142. Bi\u0142 mnie te\u017c do krwi stary paskudny baboch\u0142op od j\u0119zyka rosyjskiego. Na przerwach w podstaw\u00f3wce chodzili\u015bmy u niej jak na spacerniaku w wi\u0119zieniu. Mam nadziej\u0119, \u017ce ta nawieziona zza Buga j\u0119dza zdech\u0142a w ci\u0119\u017ckich m\u0119czarniach. Za PRL-u kopano na ziemi i rzucano kamieniami (\u201ekoledzy\u201d), a bito paskiem ze sprz\u0105czk\u0105 i dyscyplin\u0105 (czyli rozci\u0119tym rzemieniem) \u2013 to tak dla przypomnienia, jakby komu\u015b si\u0119 wydawa\u0142o, \u017ce klaps to bicie. Dzisiaj macie to na filmikach YT z Rosji. Bili, niestety, te\u017c rodzice. Kocha\u0142em bardzo babcie, bo mnie nie bi\u0142y, a przynajmniej tego nie pami\u0119tam.<\/li><\/ul>\n\n\n\n<ul class=\"wp-block-list\"><li>Nie bito mnie, jako m\u0142odego ch\u0142opaka, na r\u00f3\u017cnych miejskich i wiejskich imprezach, tylko dlatego, \u017ce ju\u017c nauczy\u0142em si\u0119 ucieka\u0107 i ukrywa\u0107. Naby\u0142em zwyczaj niechadzania powt\u00f3rnie t\u0105 sam\u0105 drog\u0105 i generalnie chaotycznego zachowania, aby nie mo\u017cna by\u0142o mnie namierzy\u0107. Siada\u0142em te\u017c ju\u017c ty\u0142em do \u015bciany, zawsze wiedzia\u0142em gdzie jest wyj\u015bcie z pomieszczenia i unika\u0142em pomieszcze\u0144 z jednym wyj\u015bciem. Zwyczaje te praktykuj\u0119 do dzi\u015b. Generalnie, w okresie licealnym, by\u0142em ostro\u017cny jak partyzant i zna\u0142em teren. Tylko dlatego nie dozna\u0142em \u017cadnej wi\u0119kszej traumy, opr\u00f3cz uczuciowej. Przy\u0142o\u017cy\u0142 mi czasem jaki\u015b osi\u0142ek, ale to zdarza si\u0119 wsz\u0119dzie gdzie testosteron rozrywa jaja m\u0142odym t\u0119pym byczkom. Cz\u0119\u015b\u0107 z nich ju\u017c nie \u017cyje, bo organizm nie wytrzyma\u0142 ci\u0105g\u0142ej jazdy. Zap\u0142odnili kilka samic, pop\u0142acili troch\u0119 aliment\u00f3w i do piachu. Taki los samca alfa \u2013 jak najszybciej, bo to d\u0142ugo nie potrwa, ci\u0105g\u0142a rywalizacja wyczerpuje. Czuj\u0105 to od pocz\u0105tku, tylko si\u0119 nie przyznaj\u0105.<\/li><\/ul>\n\n\n\n<ul class=\"wp-block-list\"><li>Poni\u017cano mnie na polskiej uczelni dla zasady, przy ka\u017cdej mo\u017cliwej okazji &#8211; nauczyciele akademiccy (z nielicznymi wyj\u0105tkami) w trakcie studi\u00f3w in\u017cynierskich traktowali nas jak odpady. Mieli si\u0119 za bog\u00f3w, bo rozumieli jeden aspekt \u017cycia do perfekcji. Uwa\u017cali, \u017ce uprawnia to ich do bycia autorytetem we wszystkich sprawach. Ju\u017c na wst\u0119pie us\u0142yszeli\u015bmy, \u017ce jeste\u015bmy niczym i \u017ceby\u015bmy sobie nie wyobra\u017cali, \u017ce cokolwiek osi\u0105gn\u0119li\u015bmy, bo zdali\u015bmy egzamin wst\u0119pny. Dok\u0142adnie pami\u0119tam, kto to powiedzia\u0142, ale nie mam \u017cadnego nagrania (nie by\u0142o telefon\u00f3w kom\u00f3rkowych), wi\u0119c nie podam nazwiska, bo proces o znies\u0142awienie nie jest mi potrzebny. Ten sam cz\u0142owiek oszuka\u0142 te\u017c mnie i koleg\u0119 p\u00f3\u017aniej, nie dotrzymuj\u0105c danego nam s\u0142owa. Opisywanie patologii, kt\u00f3re widywa\u0142em na uczelni, to zreszt\u0105 temat na ma\u0142\u0105 ksi\u0105\u017ck\u0119. Nawet na koniec studi\u00f3w magisterskich, mimo poprawnej odpowiedzi, obni\u017cono mi ocen\u0119 z egzaminu o p\u00f3\u0142 stopnia za zastanowienie si\u0119 przed odpowiedzi\u0105 (wskutek nie\u015bcis\u0142ego sformu\u0142owania pytania). Tak dla zasady, \u017cebym nie czu\u0142 si\u0119 za pewnie. Do pi\u0105tki brak\u0142o mi 0,01 w \u015bredniej, co z ca\u0142\u0105 surowo\u015bci\u0105 wyegzekwowano, obni\u017caj\u0105c ocen\u0119 ko\u0144cow\u0105 o po\u0142ow\u0119. Pi\u0105tki w tym roku nie dosta\u0142 nikt. Mam nadziej\u0119, \u017ce moj\u0105 \u201ealma mater\u201d piek\u0142o poch\u0142onie.<\/li><\/ul>\n\n\n\n<ul class=\"wp-block-list\"><li>Podczas szalej\u0105cego bezrobocia prze\u0142omu lat 90-tych i dwutysi\u0119cznych naogl\u0105da\u0142em si\u0119, jak lokalni i sto\u0142eczni gangsterzy odzieraj\u0105 ludzi z godno\u015bci i maj\u0105tku. Strach by\u0142o i\u015b\u0107 ulic\u0105 wieczorem, a na pewno w obcym mie\u015bcie, bo mog\u0142o si\u0119 to sko\u0144czy\u0107 tragicznie. Pobicia, wymuszanie haraczy i \u0142ap\u00f3wki, a czasem nawet strzelaniny, to by\u0142a po prostu norma. Przedsi\u0119biorcy typu \u201ena twoje miejsce jest 10 za bram\u0105\u201d i ogromne fortuny o dziwnych korzeniach to te\u017c cz\u0119\u015b\u0107 tej rzeczywisto\u015bci &#8211; dzi\u015b \u201eszanowani biznesmeni\u201d. Ja, na szcz\u0119\u015bcie, zawsze mia\u0142em prac\u0119, bo mia\u0142em dobry fach w r\u0119ku &#8211; to jedno, co w moim \u017cyciu by\u0142o pewne. Po lekkim pobiciu przez lokalnego oprycha sadyst\u0119 z UB-ckiej rodziny (kt\u00f3ry prze\u015bladowa\u0142 r\u00f3wnie\u017c mojego ojca) powoli przestawa\u0142em spotyka\u0107 si\u0119 ze znajomymi w lokalach. Do dzi\u015b zjawiam si\u0119 w lokalnej gastronomii tylko w drodze wyj\u0105tku. Z obawy, \u017ce zaczepiony, w obronie rodziny zabij\u0119 starego skurwiela i moje dzieci zostan\u0105 bez ojca (bo zgnij\u0119 w wi\u0119zieniu zamiast dosta\u0107 medal).<\/li><\/ul>\n\n\n\n<ul class=\"wp-block-list\"><li>Prawie ca\u0142e \u017cycie mam problem z dysgrafi\u0105 wskutek przebytego w dzieci\u0144stwie zapalenia opon m\u00f3zgowych. Kiedy\u015b dysgrafii nie diagnozowano, ale niejednokrotnie nie przeszkadza\u0142o to w ubli\u017caniu mi przez urz\u0119dnik\u00f3w podczas r\u0119cznego wype\u0142niania wniosk\u00f3w (pozdrawiam szczeg\u00f3lnie pewn\u0105 PRL-owsk\u0105 krow\u0119 z lokalnego urz\u0119du miasta, kt\u00f3rej nazwiska i twarzy nie pami\u0119tam, \u017ceby nie \u015bni\u0142a mi si\u0119 po nocach). Wyja\u015bniam \u2013 druki wype\u0142niam wielkimi literami, bo nie potrafi\u0119 pisa\u0107 elegancko pismem odr\u0119cznym i NIGDY nie b\u0119d\u0119 tego potrafi\u0142, jak r\u00f3wnie\u017c nie b\u0119d\u0119 potrafi\u0142 wykonywa\u0107 prac precyzyjnych bez dodatkowej stabilizacji r\u0119ki. Raczej nie pope\u0142niam b\u0142\u0119d\u00f3w ortograficznych, rozumiem polecenia i sformu\u0142owania prawne, do\u015b\u0107 dok\u0142adnie czytam umowy \u2013 nie mam \u201edysm\u00f3zgii\u201d. Trzeba tylko cierpliwie poczeka\u0107, nie krzycze\u0107 i nie wyzywa\u0107. Dla niekt\u00f3rych to za du\u017co\u2026<\/li><\/ul>\n\n\n\n<ul class=\"wp-block-list\"><li>Dostrzegam wszechobecny fiskalizm i biurokracj\u0119, niesp\u00f3jne prawo &#8211; inne dla du\u017cych, inne dla ma\u0142ych. Dziwne ustawy przepychane kolanem w nocy, bez informowania spo\u0142ecze\u0144stwa. Sprzeczne wyroki, niesprawiedliwe wyroki, odsiadki bez wyrok\u00f3w, ludzie \u201enieskazywalni\u201d. S\u0142u\u017cba zdrowia, na kt\u00f3r\u0105 p\u0142acisz, a i tak drugi raz p\u0142acisz prywatnie albo czekasz miesi\u0105cami na badanie. Temat rzeka, dobrze opisane, nie chc\u0119 w to wchodzi\u0107, zostawiam innym.<\/li><\/ul>\n\n\n\n<ul class=\"wp-block-list\"><li>Pok\u0142ady agresji w ludziach doko\u0142a mnie s\u0105 niewiele mniejsze, ni\u017c u mnie. Wyp\u0142ywa to przy suto zakrapianych imprezach, kt\u00f3rymi od d\u0142u\u017cszego czasu si\u0119 brzydz\u0119. Mierzi mnie patrzenie na t\u0119pe, agresywne mordy oraz s\u0142uchanie opowie\u015bci kto kogo, jak i gdzie. Pij\u0119 ma\u0142o i w bardzo w\u0105skim, sprawdzonym gronie ludzi, kt\u00f3rych szanuj\u0119 i kt\u00f3rzy maj\u0105 co\u015b sensownego do powiedzenia o \u017cyciu. Kompletnie na trze\u017awo w Polsce niestety nie da si\u0119 \u017cy\u0107.<\/li><\/ul>\n\n\n\n<p><\/p>\n\n\n\n<p>Przytoczone powy\u017cej przyk\u0142ady s\u0105 kwintesencj\u0105 polsko\u015bci, to jest og\u00f3lnie akceptowany w tym kraju burdel. Ludzie tak \u017cyj\u0105 i im to chyba niewiele przeszkadza. Brutalno\u015b\u0107 wobec s\u0142abszych i chamstwo to naturalny polski koloryt uczuciowy. Tak d\u0142ugo omamiony by\u0142em przez patriotyczne frazesy, \u017ce zauwa\u017cam to dopiero by\u0107 mo\u017ce pod koniec \u017cycia, co dowodzi niesamowitej skuteczno\u015bci propagandy lub mojej niespotykanej g\u0142upoty. Ca\u0142e moje \u017cycie naznaczone jest bezsensownym cierpieniem, poniewa\u017c my\u015bla\u0142em, \u017ce nie jest ono zwi\u0105zane z magiczn\u0105 Polsk\u0105, o kt\u00f3rej mi m\u00f3wiono, z pa\u0144stwem wsp\u00f3\u0142czuj\u0105cym i sprawiedliwym. My\u015bla\u0142em, \u017ce ta Polska w ko\u0144cu si\u0119 odrodzi, a jej po prostu nigdy nie by\u0142o, to podkoloryzowany mit. Tak wi\u0119c, koniec z orze\u0142kiem, flag\u0105, \u015bwi\u0119tami, pielgrzymkami \u2013 do\u015b\u0107, koniec z\u0142udze\u0144. Chcia\u0142bym bardzo, \u017ceby m\u0142odzi ludzie zauwa\u017cyli to wcze\u015bniej, ni\u017c ja. Niech zburz\u0105 to pa\u0144stwo do gruz\u00f3w i zbuduj\u0105 dla siebie na nowo albo niech st\u0105d uciekaj\u0105, bo marnuj\u0105 \u017cycie swoje i swoich rodzin.<\/p>\n\n\n\n<p>Polsko\u015b\u0107 to choroba, choroba zaszczepiana nam w szko\u0142ach i rodzinie. Przecie\u017c tak naprawd\u0119 Polska to pudrowany trup. Polska to ko\u015bci kr\u00f3l\u00f3w w katedrze, prawa szlachty i ksi\u0119\u017cy, bitwy, martyrologia, krew powsta\u0144c\u00f3w. \u015amiertelny cios zadany zosta\u0142 lata temu. Co mnie jeszcze z tym wi\u0105\u017ce? Ano niewiele, to nie moje sprawy &#8211; ja, jak ch\u0142opi w II RP jestem \u201etutejszy\u201d, nie czuj\u0119 si\u0119 ju\u017c Polakiem, nie mam b\u0142\u0119kitnej krwi, wyparowa\u0142a ze mnie z oparami wczorajszego alkoholu i czuj\u0119 si\u0119 z tego powodu l\u017cejszy. Prawa s\u0105 dla bogatych, a dla mnie jest knut. Dzi\u015b knut to mandaty, podatki i dro\u017cyzna, kt\u00f3re przywi\u0105zuj\u0105 do ziemi r\u00f3wnie skutecznie, co kiedy\u015b pa\u0144szczyzna i nahajka. Jestem w\u0142asno\u015bci\u0105 polskich Pan\u00f3w, obecnie z PiS i zrobi\u0105 ze mn\u0105, co zechc\u0105. Jestem dla nich byd\u0142em, tak jak dla poprzednich, \u017ceby nie by\u0142o tu w\u0105tpliwo\u015bci. Polska zawsze by\u0142a dla mnie macoch\u0105, nie us\u0142ysza\u0142em od niej ani s\u0142owa pochwa\u0142y i zach\u0119ty do budowania lepszego \u015bwiata. Co jaki\u015b czas rzuca mi och\u0142apy \u017cebym nie zdech\u0142, a drug\u0105 r\u0119k\u0105 zabiera po cichu w nocy konfitury z szafki. I prosz\u0119 nie pos\u0105dza\u0107 mnie przy tym o pochwa\u0142\u0119 cudzego &#8211; nie wiem, czy gdzie\u015b jest lepiej, mo\u017ce gdzieniegdzie mniej uci\u0105\u017cliwie. Wsz\u0119dzie jest Pan i Cham. W pa\u0144stwach totalitarnych przynajmniej si\u0119 tego podzia\u0142u nie ukrywa (plus za brak hipokryzji). Podzia\u0142 ten nie jest przy tym podzia\u0142em kulturowym, jest to podzia\u0142 maj\u0105tkowy. Uw\u0142aszczony Cham, kt\u00f3ry wyzyskuje innych Cham\u00f3w, to ju\u017c Pan. Propagandzista lub celebryta to nowoczesny karbowy. Problemy Pan\u00f3w w zarz\u0105dzaniu Chamskim byd\u0142em (np. czy byd\u0142o pozdycha bez 500+, czy szczepi\u0107 byd\u0142o przymusowo, jak\u0105 indoktrynacj\u0119 historyczn\u0105 zawrze\u0107 w podr\u0119cznikach, \u017ceby byd\u0142o mia\u0142o kompleksy i mitologi\u0119) przestaj\u0105 mnie, w zwi\u0105zku z powy\u017cszym, r\u00f3wnie\u017c od dzi\u015b obchodzi\u0107. M\u00f3j problem to zapewnienie w miar\u0119 godnego \u017cycia rodzinie i znajomym, jak nie u tego Pana to u innego. W farsie zwanej wyborami nie zamierzam te\u017c ju\u017c wi\u0119cej uczestniczy\u0107. Wybory nie maj\u0105 dzi\u015b sensu. Do\u015b\u0107 mam \u201emniejszego z\u0142a\u201d! Gdzie jest \u201ewi\u0119ksze dobro\u201d? Czy ono w og\u00f3le istnieje?<\/p>\n","protected":false},"excerpt":{"rendered":"<p>Tkn\u0119\u0142o mnie co\u015b, \u017ceby pojecha\u0107 do P\u0142ocka. Nigdy nie by\u0142em w tym mie\u015bcie, mo\u017ce chodzi\u0142o o zwyk\u0142\u0105 ciekawo\u015b\u0107, a mo\u017ce te\u017c o to, \u017ceby chocia\u017c na jeden dzie\u0144 znowu wyrwa\u0107 si\u0119 latem z domu z rodzin\u0105 (na normalne wakacje razem niestety od lat nas nie sta\u0107). Na pocz\u0105tku zjedli\u015bmy bardzo smaczny obiad w lokalnej restauracji. &hellip;<\/p>\n","protected":false},"author":1,"featured_media":0,"comment_status":"open","ping_status":"open","sticky":false,"template":"","format":"standard","meta":{"_lmt_disableupdate":"","_lmt_disable":"","footnotes":""},"categories":[5,3],"tags":[],"class_list":["post-468","post","type-post","status-publish","format-standard","hentry","category-codziennosc","category-filozofia","entry entry-center"],"modified_by":null,"_links":{"self":[{"href":"https:\/\/kjc.com.pl\/index.php?rest_route=\/wp\/v2\/posts\/468","targetHints":{"allow":["GET"]}}],"collection":[{"href":"https:\/\/kjc.com.pl\/index.php?rest_route=\/wp\/v2\/posts"}],"about":[{"href":"https:\/\/kjc.com.pl\/index.php?rest_route=\/wp\/v2\/types\/post"}],"author":[{"embeddable":true,"href":"https:\/\/kjc.com.pl\/index.php?rest_route=\/wp\/v2\/users\/1"}],"replies":[{"embeddable":true,"href":"https:\/\/kjc.com.pl\/index.php?rest_route=%2Fwp%2Fv2%2Fcomments&post=468"}],"version-history":[{"count":12,"href":"https:\/\/kjc.com.pl\/index.php?rest_route=\/wp\/v2\/posts\/468\/revisions"}],"predecessor-version":[{"id":482,"href":"https:\/\/kjc.com.pl\/index.php?rest_route=\/wp\/v2\/posts\/468\/revisions\/482"}],"wp:attachment":[{"href":"https:\/\/kjc.com.pl\/index.php?rest_route=%2Fwp%2Fv2%2Fmedia&parent=468"}],"wp:term":[{"taxonomy":"category","embeddable":true,"href":"https:\/\/kjc.com.pl\/index.php?rest_route=%2Fwp%2Fv2%2Fcategories&post=468"},{"taxonomy":"post_tag","embeddable":true,"href":"https:\/\/kjc.com.pl\/index.php?rest_route=%2Fwp%2Fv2%2Ftags&post=468"}],"curies":[{"name":"wp","href":"https:\/\/api.w.org\/{rel}","templated":true}]}}