{"id":420,"date":"2020-07-05T13:21:03","date_gmt":"2020-07-05T12:21:03","guid":{"rendered":"https:\/\/kjc.com.pl\/?p=420"},"modified":"2020-07-05T13:29:03","modified_gmt":"2020-07-05T12:29:03","slug":"terror-poprawnosci-politycznej","status":"publish","type":"post","link":"https:\/\/kjc.com.pl\/?p=420","title":{"rendered":"Terror poprawno\u015bci politycznej"},"content":{"rendered":"\n<p class=\"has-drop-cap\">Dawno nic nie publikowa\u0142em, za co generalnie przepraszam. Zbyt du\u017ca ilo\u015b\u0107 pracy zawodowej nie pozwala mi ostatnio dobrze wypocz\u0105\u0107, a co dopiero pisa\u0107. Dzisiejszy felieton po\u015bwi\u0119cam przemy\u015bleniom zwi\u0105zanym z moim dzieci\u0144stwem oraz ostatnimi wydarzeniami spo\u0142ecznymi. Pisz\u0119 go pod wp\u0142ywem kr\u00f3tkiej, acz tre\u015bciwej dyskusji na forum internetowym.<\/p>\n\n\n\n<p>Tak ju\u017c mam, \u017ce poruszam si\u0119 po r\u00f3\u017cnych stronach i zagaduj\u0119 ludzi w r\u00f3\u017cnych \u015brodowiskach, prowokuj\u0105c ich do wyra\u017cania swoich opinii. Jest to m\u00f3j spos\u00f3b obiektywnego ustalania prawdy o cz\u0142owieku i \u015bwiecie &#8211; prawdy, kt\u00f3ra jest dla mnie warto\u015bci\u0105 kardynaln\u0105. Nie powinno to dziwi\u0107 \u2013 tak samo czyni\u0142 Sokrates, kt\u00f3ry jest moim mentalnym przewodnikiem. Na jednym z czat\u00f3w, z okazji \u015awi\u0119ta Niepodleg\u0142o\u015bci, \u017cyczy\u0142em USA pozostania wolnym krajem. Zarz\u0105dzaj\u0105cy czatem, zasugerowa\u0142 \u017ce niekt\u00f3rym wolno\u015b\u0107 zbyt uderzy\u0142a do g\u0142owy (w oczywisty spos\u00f3b odnosi\u0142o si\u0119 to kontekstowo do ruchu BLM). Odpisa\u0142em, \u017ce od pacyfikowania przest\u0119pc\u00f3w jest policja, kt\u00f3ra w jaki\u015b magiczny spos\u00f3b nagle przesta\u0142a dzia\u0142a\u0107 i \u017ce Donald Trump reaguje, moim zdaniem, za wolno. W tym momencie do dyskusji w\u0142\u0105czy\u0142a si\u0119 kobieta (prawdopodobnie czarna, co wynika\u0142o z opisu), kt\u00f3ra zadeklarowa\u0142a, \u017ce czuje dyskomfort i mam natychmiast przesta\u0107 porusza\u0107 ten temat. Pr\u00f3bowa\u0142em okre\u015bli\u0107 na czym polega jej dyskomfort i t\u0142umaczy\u0107, \u017ce nie ja rozpocz\u0105\u0142em temat, ale by\u0142o to ca\u0142kowicie bezskuteczne. Do dyskusji w\u0142\u0105czy\u0142 si\u0119 ponownie, ten\u017ce sam, zarz\u0105dzaj\u0105cy czatem i zagrozi\u0142 mi banem, co wywo\u0142a\u0142o u mnie szok \u2013 zarz\u0105dzaj\u0105cy sam sugeruje, \u017ce przest\u0119pcy s\u0105 przyczyna zamieszek, a nast\u0119pnie, pod wp\u0142ywem osoby o pogl\u0105dach odmiennych, natychmiast zmienia zdanie i grozi banem komu\u015b, kto go popar\u0142 i nikogo nie obrazi\u0142. Jego argument brzmia\u0142 w skr\u00f3cie \u201ejeste\u015bmy jedn\u0105 wielka rodzin\u0105 i ma by\u0107 tu mi\u0142o\u201d. Zareagowa\u0142em sarkazmem, oznajmiaj\u0105c, \u017ce mo\u017ce powinni\u015bmy w takim razie zrobi\u0107 og\u00f3lno\u015bwiatow\u0105 list\u0119 temat\u00f3w, kt\u00f3rych nie wolno porusza\u0107, bo robi si\u0119 nieprzyjemnie i zako\u0144czy\u0142em dyskusj\u0119.<\/p>\n\n\n\n<p>Powy\u017csza sytuacja nie dawa\u0142a mi spokoju, wi\u0119c postanowi\u0142em dog\u0142\u0119bnie j\u0105 przeanalizowa\u0107, zar\u00f3wno generalnie jak i pod k\u0105tem moich osobistych odczu\u0107. Zaczn\u0119 mo\u017ce od moich osobistych przemy\u015ble\u0144. Co poczu\u0142em \u2013 poczu\u0142em szok, a nast\u0119pnie niebywa\u0142\u0105 w\u015bciek\u0142o\u015b\u0107, kt\u00f3r\u0105 tylko dzi\u0119ki mojemu opanowaniu by\u0142em w stanie zdusi\u0107, ale kt\u00f3ra nie znikn\u0119\u0142a do dzi\u015b. Przypomnia\u0142a mi si\u0119 sytuacja z m\u0142odo\u015bci, gdy jako 9-10 latek powt\u00f3rzy\u0142em na korytarzu w szkole, zas\u0142yszane gdzie\u015b zdanie \u201ea na drzewach zamiast li\u015bci b\u0119d\u0105 wisie\u0107 komuni\u015bci\u201d. Kto\u015b o tym natychmiast doni\u00f3s\u0142 dyrekcji, a moich rodzic\u00f3w, nauczycieli, wezwano do domu partii, gdzie pierwszy sekretarz w jak najwulgarniejszy spos\u00f3b t\u0142umaczy\u0142 im, jak powinno si\u0119 wychowywa\u0107 dzieci i grozi\u0142 obydwu natychmiastowym zwolnieniem z pracy. Ja siedzia\u0142em na korytarzu i p\u0142aka\u0142em, nie rozumiej\u0105c kompletnie ani tego, co powiedzia\u0142em, ani skutk\u00f3w mojego dzia\u0142ania \u2013 nie mia\u0142em nawet poj\u0119cia co to s\u0105 \u201ekomuni\u015bci\u201d&#8230; Pami\u0119tam t\u0105 sytuacj\u0119 do dzi\u015b i to, co poczu\u0142em par\u0119 dni temu podczas rozmowy na czacie, bardzo zbli\u017cone by\u0142o do tego, co prze\u017cy\u0142em w dzieci\u0144stwie. Tak samo, jak wtedy, kompletnie nie rozumiem kogo i w jaki spos\u00f3b obrazi\u0142em stwierdzeniem, \u017ce przest\u0119pc\u00f3w nale\u017cy spacyfikowa\u0107? Nikt nawet nie pr\u00f3bowa\u0142 mi tego wyja\u015bni\u0107, kazano mi si\u0119 po prostu zamkn\u0105\u0107. St\u0105d w\u015bciek\u0142o\u015b\u0107 \u2013 nie rozumiem co zrobi\u0142em \u017ale, a jestem karany z prawie mo\u017cliwie maksymaln\u0105 surowo\u015bci\u0105 (jak na warunki czatu). Czy jest jakikolwiek pozytywny skutek z takiej cenzury? Przesta\u0142em m\u00f3wi\u0107, ale czy moje przekonania si\u0119 zmieni\u0142y? Ot\u00f3\u017c ani o jot\u0119, lecz reszta zgromadzenia uzna\u0142a, \u017ce to mnie uda\u0142o si\u0119 spacyfikowa\u0107, a dominacja zosta\u0142a ustalona. Czy co\u015b si\u0119 we mnie zmieni\u0142o \u2013 jak najbardziej, lecz ju\u017c si\u0119 o tym nie dowiedz\u0105. Zmieni\u0142a si\u0119 jedna rzecz \u2013 uzna\u0142em ich za ludzi niewartych dyskusji, wi\u0119c r\u00f3wnie\u017c niewartych mojej pomocy. Oznacza to, \u017ce gdy b\u0119dzie im si\u0119 dzia\u0142a krzywda, b\u0119d\u0119 milcza\u0142 \u2013 przecie\u017c tego w\u0142a\u015bnie chc\u0105. Utwierdzi\u0142 si\u0119 tylko dawno ewoluuj\u0105cy we mnie pogl\u0105d, \u017ce ludziom, kt\u00f3rzy traktuj\u0105 ci\u0119 przedmiotowo, wystarczy nie pomaga\u0107 i patrze\u0107 z nieukrywan\u0105 przyjemno\u015bci\u0105, jak na staro\u015b\u0107 przygniataj\u0105 ich r\u00f3\u017cne problemy, kt\u00f3re z \u0142atwo\u015bci\u0105 m\u00f3g\u0142by\u015b za nich rozwi\u0105za\u0107.<\/p>\n\n\n\n<p>Reakcje spo\u0142eczne zbudowane s\u0105 z po\u0142\u0105czonych i wzmocnionych reakcji indywidualnych. To, co ja poczu\u0142em, poczu\u0107 mo\u017ce wiele os\u00f3b. B\u0119d\u0105 one upokorzone siedzie\u0107 cicho, sterroryzowane przez cenzur\u0119 my\u015bli i s\u0142\u00f3w, lecz odczucie niesprawiedliwo\u015bci nie zniknie. S\u0105dz\u0119, \u017ce zwolennicy poprawno\u015bci politycznej r\u00f3wnie\u017c o tym wiedz\u0105, doskonale zdaj\u0105c sobie spraw\u0119 z tego, co robi\u0105, cynicznie forsuj\u0105c swoje \u201etu i teraz\u201d w imi\u0119 dora\u017anych korzy\u015bci, r\u00f3wnie\u017c materialnych. Wiedz\u0105, \u017ce nie ka\u017cdy powstrzyma si\u0119 tak jak ja i ma\u0142a iskra wywo\u0142a\u0107 mo\u017ce po\u017car t\u0142umionych emocji spo\u0142ecznych. Dlatego je\u015bli, z braku oporu, osi\u0105gn\u0105 pe\u0142nie w\u0142adzy, pr\u0119dzej czy p\u00f3\u017aniej, zacznie si\u0119 prewencyjne strzelanie w potylic\u0119 domniemanym wrogom spo\u0142ecznym. My w Polsce ju\u017c to przerabiali\u015bmy, do\u015bwiadczyli\u015bmy hitleryzmu i komunizmu, do\u015bwiadczyli\u015bmy stalinowskich czystek i lat cenzury. Symboliczny \u201ezach\u00f3d\u201d na czele z USA nie ma natomiast zielonego poj\u0119cia o tym, jak rodzi si\u0119 totalitaryzm. Nie stawia oporu i daje narzuca\u0107 sobie jarzmo politycznej poprawno\u015bci w imi\u0119 utopijnego \u201epokoju i tolerancji\u201d. Nast\u0119puje wr\u0119cz autocenzura \u2013 ludzie boj\u0105 si\u0119 m\u00f3wi\u0107 negatywnie o kimkolwiek kto jest czarny, jest homoseksualist\u0105, \u017cydem etc. Niekt\u00f3rzy, jak rzeczony admin, natychmiast zmieniaj\u0105 w\u0142asne zdanie, ze strachu o oskar\u017cenie o &#8222;my\u015blozbrodni\u0119&#8221;. Nie ma przy tym \u017cadnego znaczenia prawda o danej osobie, liczy si\u0119 tylko przynale\u017cno\u015b\u0107 do jakiej\u015b politycznie poprawnej formacji ideologicznej, kt\u00f3re produkowane s\u0105 ju\u017c wr\u0119cz seryjnie. Odbieranie ludziom prawa do wyra\u017cania w\u0142asnego zdania jest pierwszym powa\u017cnym ostrze\u017ceniem, \u017ce wchodzimy globalnie w system totalitarny \u2013 skoro nie mo\u017cesz wyrazi\u0107 swojego zdania, to znaczy dok\u0142adnie, \u017ce nie jeste\u015b ju\u017c istotny, zosta\u0142e\u015b zdehumanizowany i jeste\u015b uniwersalnym trybikiem w maszynie. Tak, moim zdaniem, rodzi si\u0119 nowy zachodni ustr\u00f3j \u2013 neokomunizm, po\u0142\u0105czenie neoliberalizmu z starym dobrym, zbrodniczym komunizmem. Neokomunizm, tak jak tradycyjny komunizm, zamierza zniszczy\u0107 wszelkie tradycyjne warto\u015bci w celu stworzenia wyimaginowanego nowego cz\u0142owieka, a pos\u0142uguje si\u0119 w tym celu m.in. w\u0142a\u015bnie metod\u0105 politycznej poprawno\u015bci. Nie nale\u017cy mie\u0107 te\u017c z\u0142udze\u0144 &#8211; grupy radykalne, s\u0142u\u017c\u0105ce obecnie za forpoczt\u0119 nowego komunizmu, zlikwidowane zostan\u0105 po wykonaniu zadania tak, jak to komuni\u015bci maj\u0105 w zwyczaju. Celem jest \u201enowy cz\u0142owiek\u201d \u2013 w nowym zachodnim \u015bwiecie dla pogl\u0105d\u00f3w radykalnych miejsca nie b\u0119dzie. Jaki ten \u201enowy cz\u0142owiek\u201d ma by\u0107? Ano nijaki &#8211; my\u015bl\u0105cy niesamodzielnie, s\u0142uchaj\u0105cy karnie rozkaz\u00f3w i pracuj\u0105cy w pocie czo\u0142a na swoje elity. Komunizm rozszerzy\u0142 doktryn\u0119 na drapie\u017cny kapitalizm i uzna\u0142, \u017ce wyzysk ma tworzy\u0107 realny zysk, a nie tylko gn\u0119bi\u0107 i zabija\u0107 \u2013 to jedyna zmiana, kt\u00f3r\u0105 dostrzegam.<\/p>\n\n\n\n<p>Je\u015bli pod\u0105\u017ca\u0107 b\u0119dziemy dalej tym torem, skutki b\u0119d\u0105 op\u0142akane. D\u0142ugoterminowo, wszelka r\u00f3\u017cnorodno\u015b\u0107 ludzkich my\u015bli i zachowa\u0144 zaniknie, a to w\u0142a\u015bnie r\u00f3\u017cnorodno\u015b\u0107 gwarantuje ludzko\u015bci przetrwanie i rozw\u00f3j. Ju\u017c teraz, brak dyskusji nad globalnymi problemami powoduje wzrost napi\u0119cia i powr\u00f3t do ideologii z czas\u00f3w zimnej wojny. Moje drobne \u201espi\u0119cie\u201d z czatu, wbrew pozorom, idealnie ilustruje zjawiska zachodz\u0105ce w szerszym kontek\u015bcie spo\u0142ecznym. Dla starszego ju\u017c cz\u0142owieka, jakim si\u0119 powoli staj\u0119, szczeg\u00f3lnie przykre jest ponowne ogl\u0105danie tych samych ludzkich b\u0142\u0119d\u00f3w i perspektywa globalnego powrotu brudnego, szarego, komunistycznego wampira, kt\u00f3ry wysysa z ludzi \u017cycie, zast\u0119puj\u0105c je uniwersalnie sterowalnym automatyzmem.<\/p>\n","protected":false},"excerpt":{"rendered":"<p>Dawno nic nie publikowa\u0142em, za co generalnie przepraszam. Zbyt du\u017ca ilo\u015b\u0107 pracy zawodowej nie pozwala mi ostatnio dobrze wypocz\u0105\u0107, a co dopiero pisa\u0107. Dzisiejszy felieton po\u015bwi\u0119cam przemy\u015bleniom zwi\u0105zanym z moim dzieci\u0144stwem oraz ostatnimi wydarzeniami spo\u0142ecznymi. Pisz\u0119 go pod wp\u0142ywem kr\u00f3tkiej, acz tre\u015bciwej dyskusji na forum internetowym. Tak ju\u017c mam, \u017ce poruszam si\u0119 po r\u00f3\u017cnych stronach &hellip;<\/p>\n","protected":false},"author":1,"featured_media":0,"comment_status":"open","ping_status":"open","sticky":false,"template":"","format":"standard","meta":{"_lmt_disableupdate":"no","_lmt_disable":"","footnotes":""},"categories":[5,4],"tags":[],"class_list":["post-420","post","type-post","status-publish","format-standard","hentry","category-codziennosc","category-kultura","entry entry-center"],"modified_by":"Konrad Jurkiewicz","_links":{"self":[{"href":"https:\/\/kjc.com.pl\/index.php?rest_route=\/wp\/v2\/posts\/420","targetHints":{"allow":["GET"]}}],"collection":[{"href":"https:\/\/kjc.com.pl\/index.php?rest_route=\/wp\/v2\/posts"}],"about":[{"href":"https:\/\/kjc.com.pl\/index.php?rest_route=\/wp\/v2\/types\/post"}],"author":[{"embeddable":true,"href":"https:\/\/kjc.com.pl\/index.php?rest_route=\/wp\/v2\/users\/1"}],"replies":[{"embeddable":true,"href":"https:\/\/kjc.com.pl\/index.php?rest_route=%2Fwp%2Fv2%2Fcomments&post=420"}],"version-history":[{"count":2,"href":"https:\/\/kjc.com.pl\/index.php?rest_route=\/wp\/v2\/posts\/420\/revisions"}],"predecessor-version":[{"id":422,"href":"https:\/\/kjc.com.pl\/index.php?rest_route=\/wp\/v2\/posts\/420\/revisions\/422"}],"wp:attachment":[{"href":"https:\/\/kjc.com.pl\/index.php?rest_route=%2Fwp%2Fv2%2Fmedia&parent=420"}],"wp:term":[{"taxonomy":"category","embeddable":true,"href":"https:\/\/kjc.com.pl\/index.php?rest_route=%2Fwp%2Fv2%2Fcategories&post=420"},{"taxonomy":"post_tag","embeddable":true,"href":"https:\/\/kjc.com.pl\/index.php?rest_route=%2Fwp%2Fv2%2Ftags&post=420"}],"curies":[{"name":"wp","href":"https:\/\/api.w.org\/{rel}","templated":true}]}}