{"id":271,"date":"2019-09-04T00:30:50","date_gmt":"2019-09-03T23:30:50","guid":{"rendered":"https:\/\/kjc.com.pl\/?p=271"},"modified":"2023-06-19T13:41:57","modified_gmt":"2023-06-19T12:41:57","slug":"bloginfo","status":"publish","type":"post","link":"https:\/\/kjc.com.pl\/?p=271","title":{"rendered":"O blogu"},"content":{"rendered":"\n<p class=\"has-text-align-center has-cyan-bluish-gray-background-color has-background\"><strong>Wszystkie tre\u015bci zamieszczane na blogu oraz powi\u0105zany adres email nie maj\u0105 nic wsp\u00f3lnego z prowadzon\u0105 przeze mnie dzia\u0142alno\u015bci\u0105 gospodarcz\u0105 i nie maj\u0105 charakteru komercyjnego.<\/strong><\/p>\n\n\n\n<p class=\"has-drop-cap\">Pomys\u0142 na pisanie bloga wzi\u0105\u0142 si\u0119, jak wiele pomys\u0142\u00f3w w moim \u017cyciu, z pora\u017cki w realizacji innego pomys\u0142u &#8211; pomys\u0142u pisania ksi\u0105\u017cek. Z pisania ksi\u0105\u017cek nie zrezygnowa\u0142em, lecz zamierzam zmobilizowa\u0107 si\u0119 do tego w lepszy spos\u00f3b, w\u0142a\u015bnie poprzez pisanie kr\u00f3tkich przemy\u015ble\u0144 na r\u00f3\u017cne tematy, dotycz\u0105ce otaczaj\u0105cej nas rzeczywisto\u015bci. Praca ta zaowocuje by\u0107 mo\u017ce kiedy\u015b syntez\u0105 my\u015bli w formie ksi\u0105\u017ckowej, czyli spe\u0142ni moje ma\u0142e marzenie. Mam \u015bwiadomo\u015b\u0107, \u017ce zamieszczane tu tre\u015bci mog\u0105 nie by\u0107 doskona\u0142e, a wiedza w nich zawarta mo\u017ce by\u0107 niekompletna. Niemniej, ci\u0105g\u0142e problemy zdrowotne przymuszaj\u0105 mnie do szybszej publikacji tego, co mam do powiedzenia o otaczaj\u0105cym nas \u015bwiecie. Wol\u0119 powiedzie\u0107 wszystko teraz, ni\u017c umrze\u0107 nie wypowiadaj\u0105c si\u0119 w og\u00f3le. Moja egzystencja, odarta z my\u015blenia i wys\u0142awiania si\u0119, nie ma wi\u0119kszego sensu.<\/p>\n\n\n\n<p>Nie jestem cz\u0142owiekiem gruntownie wykszta\u0142conym, a przemy\u015blenia zawarte na blogu s\u0105 moimi w\u0142asnymi. Je\u015bli ktokolwiek wcze\u015bniej doszed\u0142 do podobnych wniosk\u00f3w, a wiecie o tym i uznacie za konieczne, aby taka informacja zosta\u0142a zawarta na blogu, prosz\u0119 powiadomi\u0107 mnie poprzez poczt\u0119 elektroniczn\u0105, a zamieszcz\u0119 odpowiednie sprostowanie. Nie mam czasu na dok\u0142adne szukanie, kto co i kiedy powiedzia\u0142 lub napisa\u0142 \u2013 musz\u0119 pracowa\u0107 zawodowo, aby utrzyma\u0107 rodzin\u0119, co nie pozwala na \u201epoch\u0142anianie\u201d ksi\u0105\u017cek w takiej ilo\u015bci, jak to mia\u0142o miejsce w m\u0142odo\u015bci. Za najwy\u017csz\u0105 warto\u015b\u0107 uznaj\u0119 d\u0105\u017cenie do odkrywania prawdy poprzez ci\u0105g\u0142e samodoskonalenie. Temu w\u0142a\u015bnie podporz\u0105dkowuj\u0119 tre\u015bci, kt\u00f3re b\u0119d\u0119 tu zamieszcza\u0142.<\/p>\n\n\n\n<p>Wpisy na blogu nie b\u0119d\u0105 zamieszczane regularnie i b\u0119d\u0105 wpisami tematycznymi, kategoryzowanymi dla lepszego wyszukiwania. B\u0119d\u0119 r\u00f3wnie\u017c poprawia\u0142 opublikowane ju\u017c wpisy, je\u015bli uznam, \u017ce moja wiedza w danym zakresie uleg\u0142a zmianie i wpis nie odpowiada temu, co obecnie s\u0105dz\u0119. Historia zdobywania wiedzy o \u015bwiecie nie ma dla mnie wi\u0119kszego znaczenia, licz\u0105 si\u0119 wnioski. Liczy si\u0119 to, jak wiedz\u0119 wykorzystujemy i jak ulepszamy \u015bwiat wok\u00f3\u0142 siebie.<\/p>\n\n\n\n<p>Tematy, kt\u00f3re b\u0119d\u0119 porusza\u0142, dotycz\u0105 g\u0142ownie istoty cz\u0142owiecze\u0144stwa, pyta\u0144 podstawowych, na kt\u00f3re do dzisiaj nie udziela si\u0119 satysfakcjonuj\u0105cych odpowiedzi. Mam przemy\u015blane konkretne odpowiedzi na te pytania. Odpowiedzi te tworz\u0105 sp\u00f3jn\u0105 koncepcj\u0119 filozoficzn\u0105, maj\u0105c\u0105 potencja\u0142 rozwi\u0105zywania konflikt\u00f3w, kt\u00f3re wynikaj\u0105 z niezrozumienia roli cz\u0142owieka w otaczaj\u0105cym go \u015bwiecie. Zamieszcza\u0142 b\u0119d\u0119 te\u017c komentarze dotycz\u0105ce \u017cycia codziennego, kt\u00f3re pisane b\u0119d\u0105 nieco lu\u017aniejszym, potocznym j\u0119zykiem. Komentarze te nie maj\u0105 na celu obra\u017cania r\u00f3\u017cnych os\u00f3b, czy grup os\u00f3b, ale mog\u0105 taki skutek wywo\u0142a\u0107, gdy\u017c nie zamierzam powstrzymywa\u0107 si\u0119 od surowych ocen tam, gdzie uwa\u017cam to za adekwatne. Je\u015bli kto\u015b, czytaj\u0105c bloga, poczuje si\u0119&nbsp;ura\u017cony moj\u0105 opini\u0105 na dany temat, to widz\u0119 proste wyj\u015bcie \u2013&nbsp;nale\u017cy opu\u015bci\u0107 blog i wi\u0119cej go nie czyta\u0107. Je\u015bli jednak moja opinia niezgodna jest z faktami, niezgodna z prawd\u0105, a gniew czytelnika jest w takim wypadku s\u0142uszny, to prosz\u0119 o kontakt &#8211; skoryguj\u0119 tekst po wyja\u015bnieniu i na pewno zamieszcz\u0119 odpowiednie przeprosiny.<\/p>\n\n\n\n<p>Prosz\u0119 r\u00f3wnie\u017c o propozycje temat\u00f3w, kt\u00f3re m\u00f3g\u0142bym na blogu om\u00f3wi\u0107. Sugestie prosz\u0119 przesy\u0142a\u0107 na adres mail powi\u0105zany z blogiem (prosz\u0119 nie przesy\u0142a\u0107 wiadomo\u015bci zwi\u0105zanych z blogiem na adres firmowy). Korespondencja napisana ra\u017c\u0105co niepoprawn\u0105 polszczyzn\u0105, zawieraj\u0105ca wulgaryzmy lub spam, b\u0119dzie ignorowana.<\/p>\n","protected":false},"excerpt":{"rendered":"<p>Wszystkie tre\u015bci zamieszczane na blogu oraz powi\u0105zany adres email nie maj\u0105 nic wsp\u00f3lnego z prowadzon\u0105 przeze mnie dzia\u0142alno\u015bci\u0105 gospodarcz\u0105 i nie maj\u0105 charakteru komercyjnego. Pomys\u0142 na pisanie bloga wzi\u0105\u0142 si\u0119, jak wiele pomys\u0142\u00f3w w moim \u017cyciu, z pora\u017cki w realizacji innego pomys\u0142u &#8211; pomys\u0142u pisania ksi\u0105\u017cek. Z pisania ksi\u0105\u017cek nie zrezygnowa\u0142em, lecz zamierzam zmobilizowa\u0107 si\u0119 &hellip;<\/p>\n","protected":false},"author":1,"featured_media":0,"comment_status":"closed","ping_status":"closed","sticky":true,"template":"","format":"standard","meta":{"_lmt_disableupdate":"no","_lmt_disable":"","footnotes":""},"categories":[1],"tags":[],"class_list":["post-271","post","type-post","status-publish","format-standard","hentry","category-nieprzypisane","entry entry-center"],"modified_by":"Konrad Jurkiewicz","_links":{"self":[{"href":"https:\/\/kjc.com.pl\/index.php?rest_route=\/wp\/v2\/posts\/271","targetHints":{"allow":["GET"]}}],"collection":[{"href":"https:\/\/kjc.com.pl\/index.php?rest_route=\/wp\/v2\/posts"}],"about":[{"href":"https:\/\/kjc.com.pl\/index.php?rest_route=\/wp\/v2\/types\/post"}],"author":[{"embeddable":true,"href":"https:\/\/kjc.com.pl\/index.php?rest_route=\/wp\/v2\/users\/1"}],"replies":[{"embeddable":true,"href":"https:\/\/kjc.com.pl\/index.php?rest_route=%2Fwp%2Fv2%2Fcomments&post=271"}],"version-history":[{"count":3,"href":"https:\/\/kjc.com.pl\/index.php?rest_route=\/wp\/v2\/posts\/271\/revisions"}],"predecessor-version":[{"id":538,"href":"https:\/\/kjc.com.pl\/index.php?rest_route=\/wp\/v2\/posts\/271\/revisions\/538"}],"wp:attachment":[{"href":"https:\/\/kjc.com.pl\/index.php?rest_route=%2Fwp%2Fv2%2Fmedia&parent=271"}],"wp:term":[{"taxonomy":"category","embeddable":true,"href":"https:\/\/kjc.com.pl\/index.php?rest_route=%2Fwp%2Fv2%2Fcategories&post=271"},{"taxonomy":"post_tag","embeddable":true,"href":"https:\/\/kjc.com.pl\/index.php?rest_route=%2Fwp%2Fv2%2Ftags&post=271"}],"curies":[{"name":"wp","href":"https:\/\/api.w.org\/{rel}","templated":true}]}}